{"id":4053,"date":"2025-05-23T12:27:32","date_gmt":"2025-05-23T17:27:32","guid":{"rendered":"https:\/\/godelius.com\/?p=4053"},"modified":"2026-03-18T09:11:22","modified_gmt":"2026-03-18T14:11:22","slug":"sk-godelius-participa-en-la-semana-de-las-telecomunicaciones-y-la-sociedad-de-la-informacion-de-la-usach","status":"publish","type":"post","link":"https:\/\/godelius.com\/es\/sk-godelius-participa-en-la-semana-de-las-telecomunicaciones-y-la-sociedad-de-la-informacion-de-la-usach\/","title":{"rendered":"SK Godelius participa en la Semana de las Telecomunicaciones y la Sociedad de la Informaci\u00f3n de la USACH"},"content":{"rendered":"<p data-start=\"204\" data-end=\"437\">El pasado martes tuvimos el privilegio de participar en la Semana de las Telecomunicaciones y la Sociedad de la Informaci\u00f3n, organizada por el Departamento de Ingenier\u00eda El\u00e9ctrica (DIE) de la Universidad de Santiago de Chile (USACH).<\/p>\n<p data-start=\"439\" data-end=\"747\">En representaci\u00f3n de nuestro equipo, Tom\u00e1s De La Cuadra, Ingeniero de Proyectos en SK Godelius, present\u00f3 la charla <strong data-start=\"554\" data-end=\"603\">\u201cInspecci\u00f3n Robotizada de Activos en Miner\u00eda\u201d<\/strong>, donde expuso c\u00f3mo nuestros sistemas rob\u00f3ticos est\u00e1n transformando los procesos de inspecci\u00f3n en entornos industriales complejos y desafiantes.<\/p>\n<p data-start=\"749\" data-end=\"1013\">Nos llena de orgullo ver a nuestro equipo involucrado en este tipo de instancias, y valoramos profundamente la colaboraci\u00f3n con instituciones acad\u00e9micas como USACH, donde convergen ideas, innovaci\u00f3n y talento joven para seguir impulsando el desarrollo tecnol\u00f3gico.<\/p>\n<p data-start=\"1015\" data-end=\"1080\">\u00a1Gracias a todas y todos quienes nos acompa\u00f1aron en esta jornada!<\/p>\n\n\t\t<style type=\"text\/css\">\n\t\t\t#gallery-1 {\n\t\t\t\tmargin: auto;\n\t\t\t}\n\t\t\t#gallery-1 .gallery-item {\n\t\t\t\tfloat: left;\n\t\t\t\tmargin-top: 10px;\n\t\t\t\ttext-align: center;\n\t\t\t\twidth: 33%;\n\t\t\t}\n\t\t\t#gallery-1 img {\n\t\t\t\tborder: 2px solid #cfcfcf;\n\t\t\t}\n\t\t\t#gallery-1 .gallery-caption {\n\t\t\t\tmargin-left: 0;\n\t\t\t}\n\t\t\t\/* see gallery_shortcode() in wp-includes\/media.php *\/\n\t\t<\/style>\n\t\t<div id='gallery-1' class='gallery galleryid-4053 gallery-columns-3 gallery-size-large'><dl class='gallery-item'>\n\t\t\t<dt class='gallery-icon portrait'>\n\t\t\t\t<a data-rel=\"iLightbox[postimages]\" data-title=\"GD_posts_0525_09_1\" data-caption=\"\" href='https:\/\/godelius.com\/es\/sk-godelius-participa-en-la-semana-de-las-telecomunicaciones-y-la-sociedad-de-la-informacion-de-la-usach\/gd_posts_0525_09_1\/'><img decoding=\"async\" width=\"777\" height=\"1024\" src=\"https:\/\/godelius.com\/wp-content\/uploads\/2025\/05\/GD_posts_0525_09_1-777x1024.jpg\" class=\"attachment-large size-large\" alt=\"\" srcset=\"https:\/\/godelius.com\/wp-content\/uploads\/2025\/05\/GD_posts_0525_09_1-200x264.jpg 200w, https:\/\/godelius.com\/wp-content\/uploads\/2025\/05\/GD_posts_0525_09_1-228x300.jpg 228w, https:\/\/godelius.com\/wp-content\/uploads\/2025\/05\/GD_posts_0525_09_1-400x527.jpg 400w, https:\/\/godelius.com\/wp-content\/uploads\/2025\/05\/GD_posts_0525_09_1-600x791.jpg 600w, https:\/\/godelius.com\/wp-content\/uploads\/2025\/05\/GD_posts_0525_09_1-768x1012.jpg 768w, https:\/\/godelius.com\/wp-content\/uploads\/2025\/05\/GD_posts_0525_09_1-777x1024.jpg 777w, https:\/\/godelius.com\/wp-content\/uploads\/2025\/05\/GD_posts_0525_09_1-800x1055.jpg 800w, https:\/\/godelius.com\/wp-content\/uploads\/2025\/05\/GD_posts_0525_09_1-1165x1536.jpg 1165w, https:\/\/godelius.com\/wp-content\/uploads\/2025\/05\/GD_posts_0525_09_1-1200x1582.jpg 1200w, https:\/\/godelius.com\/wp-content\/uploads\/2025\/05\/GD_posts_0525_09_1-scaled.jpg 1456w, https:\/\/godelius.com\/wp-content\/uploads\/2025\/05\/GD_posts_0525_09_1-1553x2048.jpg 1553w\" sizes=\"(max-width: 777px) 100vw, 777px\" \/><\/a>\n\t\t\t<\/dt><\/dl><dl class='gallery-item'>\n\t\t\t<dt class='gallery-icon portrait'>\n\t\t\t\t<a data-rel=\"iLightbox[postimages]\" data-title=\"GD_posts_0525_09_2\" data-caption=\"\" href='https:\/\/godelius.com\/es\/sk-godelius-participa-en-la-semana-de-las-telecomunicaciones-y-la-sociedad-de-la-informacion-de-la-usach\/gd_posts_0525_09_2\/'><img decoding=\"async\" width=\"777\" height=\"1024\" src=\"https:\/\/godelius.com\/wp-content\/uploads\/2025\/05\/GD_posts_0525_09_2-777x1024.jpg\" class=\"attachment-large size-large\" alt=\"\" srcset=\"https:\/\/godelius.com\/wp-content\/uploads\/2025\/05\/GD_posts_0525_09_2-200x264.jpg 200w, https:\/\/godelius.com\/wp-content\/uploads\/2025\/05\/GD_posts_0525_09_2-228x300.jpg 228w, https:\/\/godelius.com\/wp-content\/uploads\/2025\/05\/GD_posts_0525_09_2-400x527.jpg 400w, https:\/\/godelius.com\/wp-content\/uploads\/2025\/05\/GD_posts_0525_09_2-600x791.jpg 600w, https:\/\/godelius.com\/wp-content\/uploads\/2025\/05\/GD_posts_0525_09_2-768x1012.jpg 768w, https:\/\/godelius.com\/wp-content\/uploads\/2025\/05\/GD_posts_0525_09_2-777x1024.jpg 777w, https:\/\/godelius.com\/wp-content\/uploads\/2025\/05\/GD_posts_0525_09_2-800x1055.jpg 800w, https:\/\/godelius.com\/wp-content\/uploads\/2025\/05\/GD_posts_0525_09_2-1165x1536.jpg 1165w, https:\/\/godelius.com\/wp-content\/uploads\/2025\/05\/GD_posts_0525_09_2-1200x1582.jpg 1200w, https:\/\/godelius.com\/wp-content\/uploads\/2025\/05\/GD_posts_0525_09_2-scaled.jpg 1456w, https:\/\/godelius.com\/wp-content\/uploads\/2025\/05\/GD_posts_0525_09_2-1553x2048.jpg 1553w\" sizes=\"(max-width: 777px) 100vw, 777px\" \/><\/a>\n\t\t\t<\/dt><\/dl><dl class='gallery-item'>\n\t\t\t<dt class='gallery-icon portrait'>\n\t\t\t\t<a data-rel=\"iLightbox[postimages]\" data-title=\"GD_posts_0525_09_3\" data-caption=\"\" href='https:\/\/godelius.com\/es\/sk-godelius-participa-en-la-semana-de-las-telecomunicaciones-y-la-sociedad-de-la-informacion-de-la-usach\/gd_posts_0525_09_3\/'><img decoding=\"async\" width=\"777\" height=\"1024\" src=\"https:\/\/godelius.com\/wp-content\/uploads\/2025\/05\/GD_posts_0525_09_3-777x1024.jpg\" class=\"attachment-large size-large\" alt=\"\" srcset=\"https:\/\/godelius.com\/wp-content\/uploads\/2025\/05\/GD_posts_0525_09_3-200x264.jpg 200w, https:\/\/godelius.com\/wp-content\/uploads\/2025\/05\/GD_posts_0525_09_3-228x300.jpg 228w, https:\/\/godelius.com\/wp-content\/uploads\/2025\/05\/GD_posts_0525_09_3-400x527.jpg 400w, https:\/\/godelius.com\/wp-content\/uploads\/2025\/05\/GD_posts_0525_09_3-600x791.jpg 600w, https:\/\/godelius.com\/wp-content\/uploads\/2025\/05\/GD_posts_0525_09_3-768x1012.jpg 768w, https:\/\/godelius.com\/wp-content\/uploads\/2025\/05\/GD_posts_0525_09_3-777x1024.jpg 777w, https:\/\/godelius.com\/wp-content\/uploads\/2025\/05\/GD_posts_0525_09_3-800x1055.jpg 800w, https:\/\/godelius.com\/wp-content\/uploads\/2025\/05\/GD_posts_0525_09_3-1165x1536.jpg 1165w, https:\/\/godelius.com\/wp-content\/uploads\/2025\/05\/GD_posts_0525_09_3-1200x1582.jpg 1200w, https:\/\/godelius.com\/wp-content\/uploads\/2025\/05\/GD_posts_0525_09_3-scaled.jpg 1456w, https:\/\/godelius.com\/wp-content\/uploads\/2025\/05\/GD_posts_0525_09_3-1553x2048.jpg 1553w\" sizes=\"(max-width: 777px) 100vw, 777px\" \/><\/a>\n\t\t\t<\/dt><\/dl><br style=\"clear: both\" \/>\n\t\t<\/div>\n\n","protected":false},"excerpt":{"rendered":"<p>El pasado martes tuvimos el privilegio de participar en la  [&#8230;]<\/p>\n","protected":false},"author":1,"featured_media":4058,"comment_status":"closed","ping_status":"closed","sticky":false,"template":"","format":"standard","meta":{"footnotes":""},"categories":[31],"tags":[],"class_list":["post-4053","post","type-post","status-publish","format-standard","has-post-thumbnail","hentry","category-news-es"],"yoast_head":"<!-- This site is optimized with the Yoast SEO plugin v27.4 - https:\/\/yoast.com\/product\/yoast-seo-wordpress\/ -->\n<title>SK Godelius participa en la Semana de las Telecomunicaciones y la Sociedad de la Informaci\u00f3n de la USACH - SK Godelius<\/title>\n<meta name=\"robots\" content=\"index, follow, max-snippet:-1, max-image-preview:large, max-video-preview:-1\" \/>\n<link rel=\"canonical\" href=\"https:\/\/godelius.com\/es\/sk-godelius-participa-en-la-semana-de-las-telecomunicaciones-y-la-sociedad-de-la-informacion-de-la-usach\/\" \/>\n<meta property=\"og:locale\" content=\"es_ES\" \/>\n<meta property=\"og:type\" content=\"article\" \/>\n<meta property=\"og:title\" content=\"SK Godelius participa en la Semana de las Telecomunicaciones y la Sociedad de la Informaci\u00f3n de la USACH - SK Godelius\" \/>\n<meta property=\"og:description\" content=\"El pasado martes tuvimos el privilegio de participar en la [...]\" \/>\n<meta property=\"og:url\" content=\"https:\/\/godelius.com\/es\/sk-godelius-participa-en-la-semana-de-las-telecomunicaciones-y-la-sociedad-de-la-informacion-de-la-usach\/\" \/>\n<meta property=\"og:site_name\" content=\"SK Godelius\" \/>\n<meta property=\"article:published_time\" content=\"2025-05-23T17:27:32+00:00\" \/>\n<meta property=\"article:modified_time\" content=\"2026-03-18T14:11:22+00:00\" \/>\n<meta property=\"og:image\" content=\"https:\/\/godelius.com\/wp-content\/uploads\/2025\/05\/GD_posts_0525_09_3-scaled.jpg\" \/>\n\t<meta property=\"og:image:width\" content=\"1456\" \/>\n\t<meta property=\"og:image:height\" content=\"1920\" \/>\n\t<meta property=\"og:image:type\" content=\"image\/jpeg\" \/>\n<meta name=\"author\" content=\"godelius-admin\" \/>\n<meta name=\"twitter:card\" content=\"summary_large_image\" \/>\n<meta name=\"twitter:creator\" content=\"@godelius\" \/>\n<meta name=\"twitter:site\" content=\"@godelius\" \/>\n<meta name=\"twitter:label1\" content=\"Written by\" \/>\n\t<meta name=\"twitter:data1\" content=\"godelius-admin\" \/>\n\t<meta name=\"twitter:label2\" content=\"Est. reading time\" \/>\n\t<meta name=\"twitter:data2\" content=\"2 minutes\" \/>\n<script type=\"application\/ld+json\" class=\"yoast-schema-graph\">{\"@context\":\"https:\\\/\\\/schema.org\",\"@graph\":[{\"@type\":\"Article\",\"@id\":\"https:\\\/\\\/godelius.com\\\/es\\\/sk-godelius-participa-en-la-semana-de-las-telecomunicaciones-y-la-sociedad-de-la-informacion-de-la-usach\\\/#article\",\"isPartOf\":{\"@id\":\"https:\\\/\\\/godelius.com\\\/es\\\/sk-godelius-participa-en-la-semana-de-las-telecomunicaciones-y-la-sociedad-de-la-informacion-de-la-usach\\\/\"},\"author\":{\"name\":\"godelius-admin\",\"@id\":\"https:\\\/\\\/godelius.com\\\/es\\\/#\\\/schema\\\/person\\\/fa17cd74003b56e17daaf0d7826fc37d\"},\"headline\":\"SK Godelius participa en la Semana de las Telecomunicaciones y la Sociedad de la Informaci\u00f3n de la USACH\",\"datePublished\":\"2025-05-23T17:27:32+00:00\",\"dateModified\":\"2026-03-18T14:11:22+00:00\",\"mainEntityOfPage\":{\"@id\":\"https:\\\/\\\/godelius.com\\\/es\\\/sk-godelius-participa-en-la-semana-de-las-telecomunicaciones-y-la-sociedad-de-la-informacion-de-la-usach\\\/\"},\"wordCount\":167,\"publisher\":{\"@id\":\"https:\\\/\\\/godelius.com\\\/es\\\/#organization\"},\"image\":{\"@id\":\"https:\\\/\\\/godelius.com\\\/es\\\/sk-godelius-participa-en-la-semana-de-las-telecomunicaciones-y-la-sociedad-de-la-informacion-de-la-usach\\\/#primaryimage\"},\"thumbnailUrl\":\"https:\\\/\\\/godelius.com\\\/wp-content\\\/uploads\\\/2025\\\/05\\\/GD_posts_0525_09_3-scaled.jpg\",\"articleSection\":[\"News\"],\"inLanguage\":\"es-ES\"},{\"@type\":\"WebPage\",\"@id\":\"https:\\\/\\\/godelius.com\\\/es\\\/sk-godelius-participa-en-la-semana-de-las-telecomunicaciones-y-la-sociedad-de-la-informacion-de-la-usach\\\/\",\"url\":\"https:\\\/\\\/godelius.com\\\/es\\\/sk-godelius-participa-en-la-semana-de-las-telecomunicaciones-y-la-sociedad-de-la-informacion-de-la-usach\\\/\",\"name\":\"SK Godelius participa en la Semana de las Telecomunicaciones y la Sociedad de la Informaci\u00f3n de la USACH - SK Godelius\",\"isPartOf\":{\"@id\":\"https:\\\/\\\/godelius.com\\\/es\\\/#website\"},\"primaryImageOfPage\":{\"@id\":\"https:\\\/\\\/godelius.com\\\/es\\\/sk-godelius-participa-en-la-semana-de-las-telecomunicaciones-y-la-sociedad-de-la-informacion-de-la-usach\\\/#primaryimage\"},\"image\":{\"@id\":\"https:\\\/\\\/godelius.com\\\/es\\\/sk-godelius-participa-en-la-semana-de-las-telecomunicaciones-y-la-sociedad-de-la-informacion-de-la-usach\\\/#primaryimage\"},\"thumbnailUrl\":\"https:\\\/\\\/godelius.com\\\/wp-content\\\/uploads\\\/2025\\\/05\\\/GD_posts_0525_09_3-scaled.jpg\",\"datePublished\":\"2025-05-23T17:27:32+00:00\",\"dateModified\":\"2026-03-18T14:11:22+00:00\",\"breadcrumb\":{\"@id\":\"https:\\\/\\\/godelius.com\\\/es\\\/sk-godelius-participa-en-la-semana-de-las-telecomunicaciones-y-la-sociedad-de-la-informacion-de-la-usach\\\/#breadcrumb\"},\"inLanguage\":\"es-ES\",\"potentialAction\":[{\"@type\":\"ReadAction\",\"target\":[\"https:\\\/\\\/godelius.com\\\/es\\\/sk-godelius-participa-en-la-semana-de-las-telecomunicaciones-y-la-sociedad-de-la-informacion-de-la-usach\\\/\"]}]},{\"@type\":\"ImageObject\",\"inLanguage\":\"es-ES\",\"@id\":\"https:\\\/\\\/godelius.com\\\/es\\\/sk-godelius-participa-en-la-semana-de-las-telecomunicaciones-y-la-sociedad-de-la-informacion-de-la-usach\\\/#primaryimage\",\"url\":\"https:\\\/\\\/godelius.com\\\/wp-content\\\/uploads\\\/2025\\\/05\\\/GD_posts_0525_09_3-scaled.jpg\",\"contentUrl\":\"https:\\\/\\\/godelius.com\\\/wp-content\\\/uploads\\\/2025\\\/05\\\/GD_posts_0525_09_3-scaled.jpg\",\"width\":1456,\"height\":1920},{\"@type\":\"BreadcrumbList\",\"@id\":\"https:\\\/\\\/godelius.com\\\/es\\\/sk-godelius-participa-en-la-semana-de-las-telecomunicaciones-y-la-sociedad-de-la-informacion-de-la-usach\\\/#breadcrumb\",\"itemListElement\":[{\"@type\":\"ListItem\",\"position\":1,\"name\":\"Home\",\"item\":\"https:\\\/\\\/godelius.com\\\/es\\\/\"},{\"@type\":\"ListItem\",\"position\":2,\"name\":\"SK Godelius participa en la Semana de las Telecomunicaciones y la Sociedad de la Informaci\u00f3n de la USACH\"}]},{\"@type\":\"WebSite\",\"@id\":\"https:\\\/\\\/godelius.com\\\/es\\\/#website\",\"url\":\"https:\\\/\\\/godelius.com\\\/es\\\/\",\"name\":\"SK Godelius\",\"description\":\"Tobust technological foundation to ensure its usability, security, and continuity in Remote Operation.\",\"publisher\":{\"@id\":\"https:\\\/\\\/godelius.com\\\/es\\\/#organization\"},\"potentialAction\":[{\"@type\":\"SearchAction\",\"target\":{\"@type\":\"EntryPoint\",\"urlTemplate\":\"https:\\\/\\\/godelius.com\\\/es\\\/?s={search_term_string}\"},\"query-input\":{\"@type\":\"PropertyValueSpecification\",\"valueRequired\":true,\"valueName\":\"search_term_string\"}}],\"inLanguage\":\"es-ES\"},{\"@type\":\"Organization\",\"@id\":\"https:\\\/\\\/godelius.com\\\/es\\\/#organization\",\"name\":\"SK Godellius\",\"url\":\"https:\\\/\\\/godelius.com\\\/es\\\/\",\"logo\":{\"@type\":\"ImageObject\",\"inLanguage\":\"es-ES\",\"@id\":\"https:\\\/\\\/godelius.com\\\/es\\\/#\\\/schema\\\/logo\\\/image\\\/\",\"url\":\"https:\\\/\\\/i0.wp.com\\\/godelius.com\\\/wp-content\\\/uploads\\\/2020\\\/12\\\/godelius_brand.png?fit=400%2C89&ssl=1\",\"contentUrl\":\"https:\\\/\\\/i0.wp.com\\\/godelius.com\\\/wp-content\\\/uploads\\\/2020\\\/12\\\/godelius_brand.png?fit=400%2C89&ssl=1\",\"width\":400,\"height\":89,\"caption\":\"SK Godellius\"},\"image\":{\"@id\":\"https:\\\/\\\/godelius.com\\\/es\\\/#\\\/schema\\\/logo\\\/image\\\/\"},\"sameAs\":[\"https:\\\/\\\/x.com\\\/godelius\",\"https:\\\/\\\/www.linkedin.com\\\/company\\\/52140225\\\/\",\"https:\\\/\\\/www.youtube.com\\\/channel\\\/UCZ5zJ3qcb-ffPCb2sHz9QIw\"]},{\"@type\":\"Person\",\"@id\":\"https:\\\/\\\/godelius.com\\\/es\\\/#\\\/schema\\\/person\\\/fa17cd74003b56e17daaf0d7826fc37d\",\"name\":\"godelius-admin\",\"image\":{\"@type\":\"ImageObject\",\"inLanguage\":\"es-ES\",\"@id\":\"https:\\\/\\\/secure.gravatar.com\\\/avatar\\\/d0327be551488c9068950c6da580a8e258076bb5daa820a8d2375ac0f521a57d?s=96&d=mm&r=g\",\"url\":\"https:\\\/\\\/secure.gravatar.com\\\/avatar\\\/d0327be551488c9068950c6da580a8e258076bb5daa820a8d2375ac0f521a57d?s=96&d=mm&r=g\",\"contentUrl\":\"https:\\\/\\\/secure.gravatar.com\\\/avatar\\\/d0327be551488c9068950c6da580a8e258076bb5daa820a8d2375ac0f521a57d?s=96&d=mm&r=g\",\"caption\":\"godelius-admin\"},\"sameAs\":[\"https:\\\/\\\/godelius.com\"]}]}<\/script>\n<!-- \/ Yoast SEO plugin. -->","yoast_head_json":{"title":"SK Godelius participa en la Semana de las Telecomunicaciones y la Sociedad de la Informaci\u00f3n de la USACH - SK Godelius","robots":{"index":"index","follow":"follow","max-snippet":"max-snippet:-1","max-image-preview":"max-image-preview:large","max-video-preview":"max-video-preview:-1"},"canonical":"https:\/\/godelius.com\/es\/sk-godelius-participa-en-la-semana-de-las-telecomunicaciones-y-la-sociedad-de-la-informacion-de-la-usach\/","og_locale":"es_ES","og_type":"article","og_title":"SK Godelius participa en la Semana de las Telecomunicaciones y la Sociedad de la Informaci\u00f3n de la USACH - SK Godelius","og_description":"El pasado martes tuvimos el privilegio de participar en la [...]","og_url":"https:\/\/godelius.com\/es\/sk-godelius-participa-en-la-semana-de-las-telecomunicaciones-y-la-sociedad-de-la-informacion-de-la-usach\/","og_site_name":"SK Godelius","article_published_time":"2025-05-23T17:27:32+00:00","article_modified_time":"2026-03-18T14:11:22+00:00","og_image":[{"width":1456,"height":1920,"url":"https:\/\/godelius.com\/wp-content\/uploads\/2025\/05\/GD_posts_0525_09_3-scaled.jpg","type":"image\/jpeg"}],"author":"godelius-admin","twitter_card":"summary_large_image","twitter_creator":"@godelius","twitter_site":"@godelius","twitter_misc":{"Written by":"godelius-admin","Est. reading time":"2 minutes"},"schema":{"@context":"https:\/\/schema.org","@graph":[{"@type":"Article","@id":"https:\/\/godelius.com\/es\/sk-godelius-participa-en-la-semana-de-las-telecomunicaciones-y-la-sociedad-de-la-informacion-de-la-usach\/#article","isPartOf":{"@id":"https:\/\/godelius.com\/es\/sk-godelius-participa-en-la-semana-de-las-telecomunicaciones-y-la-sociedad-de-la-informacion-de-la-usach\/"},"author":{"name":"godelius-admin","@id":"https:\/\/godelius.com\/es\/#\/schema\/person\/fa17cd74003b56e17daaf0d7826fc37d"},"headline":"SK Godelius participa en la Semana de las Telecomunicaciones y la Sociedad de la Informaci\u00f3n de la USACH","datePublished":"2025-05-23T17:27:32+00:00","dateModified":"2026-03-18T14:11:22+00:00","mainEntityOfPage":{"@id":"https:\/\/godelius.com\/es\/sk-godelius-participa-en-la-semana-de-las-telecomunicaciones-y-la-sociedad-de-la-informacion-de-la-usach\/"},"wordCount":167,"publisher":{"@id":"https:\/\/godelius.com\/es\/#organization"},"image":{"@id":"https:\/\/godelius.com\/es\/sk-godelius-participa-en-la-semana-de-las-telecomunicaciones-y-la-sociedad-de-la-informacion-de-la-usach\/#primaryimage"},"thumbnailUrl":"https:\/\/godelius.com\/wp-content\/uploads\/2025\/05\/GD_posts_0525_09_3-scaled.jpg","articleSection":["News"],"inLanguage":"es-ES"},{"@type":"WebPage","@id":"https:\/\/godelius.com\/es\/sk-godelius-participa-en-la-semana-de-las-telecomunicaciones-y-la-sociedad-de-la-informacion-de-la-usach\/","url":"https:\/\/godelius.com\/es\/sk-godelius-participa-en-la-semana-de-las-telecomunicaciones-y-la-sociedad-de-la-informacion-de-la-usach\/","name":"SK Godelius participa en la Semana de las Telecomunicaciones y la Sociedad de la Informaci\u00f3n de la USACH - SK Godelius","isPartOf":{"@id":"https:\/\/godelius.com\/es\/#website"},"primaryImageOfPage":{"@id":"https:\/\/godelius.com\/es\/sk-godelius-participa-en-la-semana-de-las-telecomunicaciones-y-la-sociedad-de-la-informacion-de-la-usach\/#primaryimage"},"image":{"@id":"https:\/\/godelius.com\/es\/sk-godelius-participa-en-la-semana-de-las-telecomunicaciones-y-la-sociedad-de-la-informacion-de-la-usach\/#primaryimage"},"thumbnailUrl":"https:\/\/godelius.com\/wp-content\/uploads\/2025\/05\/GD_posts_0525_09_3-scaled.jpg","datePublished":"2025-05-23T17:27:32+00:00","dateModified":"2026-03-18T14:11:22+00:00","breadcrumb":{"@id":"https:\/\/godelius.com\/es\/sk-godelius-participa-en-la-semana-de-las-telecomunicaciones-y-la-sociedad-de-la-informacion-de-la-usach\/#breadcrumb"},"inLanguage":"es-ES","potentialAction":[{"@type":"ReadAction","target":["https:\/\/godelius.com\/es\/sk-godelius-participa-en-la-semana-de-las-telecomunicaciones-y-la-sociedad-de-la-informacion-de-la-usach\/"]}]},{"@type":"ImageObject","inLanguage":"es-ES","@id":"https:\/\/godelius.com\/es\/sk-godelius-participa-en-la-semana-de-las-telecomunicaciones-y-la-sociedad-de-la-informacion-de-la-usach\/#primaryimage","url":"https:\/\/godelius.com\/wp-content\/uploads\/2025\/05\/GD_posts_0525_09_3-scaled.jpg","contentUrl":"https:\/\/godelius.com\/wp-content\/uploads\/2025\/05\/GD_posts_0525_09_3-scaled.jpg","width":1456,"height":1920},{"@type":"BreadcrumbList","@id":"https:\/\/godelius.com\/es\/sk-godelius-participa-en-la-semana-de-las-telecomunicaciones-y-la-sociedad-de-la-informacion-de-la-usach\/#breadcrumb","itemListElement":[{"@type":"ListItem","position":1,"name":"Home","item":"https:\/\/godelius.com\/es\/"},{"@type":"ListItem","position":2,"name":"SK Godelius participa en la Semana de las Telecomunicaciones y la Sociedad de la Informaci\u00f3n de la USACH"}]},{"@type":"WebSite","@id":"https:\/\/godelius.com\/es\/#website","url":"https:\/\/godelius.com\/es\/","name":"SK Godelius","description":"Tobust technological foundation to ensure its usability, security, and continuity in Remote Operation.","publisher":{"@id":"https:\/\/godelius.com\/es\/#organization"},"potentialAction":[{"@type":"SearchAction","target":{"@type":"EntryPoint","urlTemplate":"https:\/\/godelius.com\/es\/?s={search_term_string}"},"query-input":{"@type":"PropertyValueSpecification","valueRequired":true,"valueName":"search_term_string"}}],"inLanguage":"es-ES"},{"@type":"Organization","@id":"https:\/\/godelius.com\/es\/#organization","name":"SK Godellius","url":"https:\/\/godelius.com\/es\/","logo":{"@type":"ImageObject","inLanguage":"es-ES","@id":"https:\/\/godelius.com\/es\/#\/schema\/logo\/image\/","url":"https:\/\/i0.wp.com\/godelius.com\/wp-content\/uploads\/2020\/12\/godelius_brand.png?fit=400%2C89&ssl=1","contentUrl":"https:\/\/i0.wp.com\/godelius.com\/wp-content\/uploads\/2020\/12\/godelius_brand.png?fit=400%2C89&ssl=1","width":400,"height":89,"caption":"SK Godellius"},"image":{"@id":"https:\/\/godelius.com\/es\/#\/schema\/logo\/image\/"},"sameAs":["https:\/\/x.com\/godelius","https:\/\/www.linkedin.com\/company\/52140225\/","https:\/\/www.youtube.com\/channel\/UCZ5zJ3qcb-ffPCb2sHz9QIw"]},{"@type":"Person","@id":"https:\/\/godelius.com\/es\/#\/schema\/person\/fa17cd74003b56e17daaf0d7826fc37d","name":"godelius-admin","image":{"@type":"ImageObject","inLanguage":"es-ES","@id":"https:\/\/secure.gravatar.com\/avatar\/d0327be551488c9068950c6da580a8e258076bb5daa820a8d2375ac0f521a57d?s=96&d=mm&r=g","url":"https:\/\/secure.gravatar.com\/avatar\/d0327be551488c9068950c6da580a8e258076bb5daa820a8d2375ac0f521a57d?s=96&d=mm&r=g","contentUrl":"https:\/\/secure.gravatar.com\/avatar\/d0327be551488c9068950c6da580a8e258076bb5daa820a8d2375ac0f521a57d?s=96&d=mm&r=g","caption":"godelius-admin"},"sameAs":["https:\/\/godelius.com"]}]}},"jetpack_featured_media_url":"https:\/\/godelius.com\/wp-content\/uploads\/2025\/05\/GD_posts_0525_09_3-scaled.jpg","_links":{"self":[{"href":"https:\/\/godelius.com\/es\/wp-json\/wp\/v2\/posts\/4053","targetHints":{"allow":["GET"]}}],"collection":[{"href":"https:\/\/godelius.com\/es\/wp-json\/wp\/v2\/posts"}],"about":[{"href":"https:\/\/godelius.com\/es\/wp-json\/wp\/v2\/types\/post"}],"author":[{"embeddable":true,"href":"https:\/\/godelius.com\/es\/wp-json\/wp\/v2\/users\/1"}],"replies":[{"embeddable":true,"href":"https:\/\/godelius.com\/es\/wp-json\/wp\/v2\/comments?post=4053"}],"version-history":[{"count":1,"href":"https:\/\/godelius.com\/es\/wp-json\/wp\/v2\/posts\/4053\/revisions"}],"predecessor-version":[{"id":4060,"href":"https:\/\/godelius.com\/es\/wp-json\/wp\/v2\/posts\/4053\/revisions\/4060"}],"wp:featuredmedia":[{"embeddable":true,"href":"https:\/\/godelius.com\/es\/wp-json\/wp\/v2\/media\/4058"}],"wp:attachment":[{"href":"https:\/\/godelius.com\/es\/wp-json\/wp\/v2\/media?parent=4053"}],"wp:term":[{"taxonomy":"category","embeddable":true,"href":"https:\/\/godelius.com\/es\/wp-json\/wp\/v2\/categories?post=4053"},{"taxonomy":"post_tag","embeddable":true,"href":"https:\/\/godelius.com\/es\/wp-json\/wp\/v2\/tags?post=4053"}],"curies":[{"name":"wp","href":"https:\/\/api.w.org\/{rel}","templated":true}]}}